{"id":1187,"date":"2026-01-22T00:05:35","date_gmt":"2026-01-21T23:05:35","guid":{"rendered":"https:\/\/solidailes.fr\/?p=1187"},"modified":"2026-04-07T10:17:33","modified_gmt":"2026-04-07T08:17:33","slug":"solidailes-revient","status":"publish","type":"post","link":"https:\/\/solidailes.fr\/index.php\/2026\/01\/22\/solidailes-revient\/","title":{"rendered":"Solid&rsquo;ailes revient"},"content":{"rendered":"<style>.wp-block-kadence-advancedheading.kt-adv-heading1187_8d8640-ca, .wp-block-kadence-advancedheading.kt-adv-heading1187_8d8640-ca[data-kb-block=\"kb-adv-heading1187_8d8640-ca\"]{font-style:normal;}.wp-block-kadence-advancedheading.kt-adv-heading1187_8d8640-ca mark.kt-highlight, .wp-block-kadence-advancedheading.kt-adv-heading1187_8d8640-ca[data-kb-block=\"kb-adv-heading1187_8d8640-ca\"] mark.kt-highlight{font-style:normal;color:#f76a0c;-webkit-box-decoration-break:clone;box-decoration-break:clone;padding-top:0px;padding-right:0px;padding-bottom:0px;padding-left:0px;}.wp-block-kadence-advancedheading.kt-adv-heading1187_8d8640-ca img.kb-inline-image, .wp-block-kadence-advancedheading.kt-adv-heading1187_8d8640-ca[data-kb-block=\"kb-adv-heading1187_8d8640-ca\"] img.kb-inline-image{width:150px;vertical-align:baseline;}<\/style>\n<p class=\"kt-adv-heading1187_8d8640-ca wp-block-kadence-advancedheading\" data-kb-block=\"kb-adv-heading1187_8d8640-ca\">Apr\u00e8s quelques p\u00e9rip\u00e9ties au mois de d\u00e9cembre et janvier, l&rsquo;\u00e9picerie s&rsquo;est refait une jeunesse dans un nouveau local!<\/p>\n\n\n<style>.kb-image1187_54b832-49 .kb-image-has-overlay:after{opacity:0.3;}<\/style>\n<figure class=\"wp-block-kadence-image kb-image1187_54b832-49 size-full\"><img loading=\"lazy\" decoding=\"async\" width=\"800\" height=\"396\" src=\"https:\/\/solidailes.fr\/wp-content\/uploads\/2026\/01\/AccesSolidailes.gif\" alt=\"\" class=\"kb-img wp-image-1185\"\/><\/figure>\n\n\n<style>.wp-block-kadence-advancedheading.kt-adv-heading1187_290fa3-01, .wp-block-kadence-advancedheading.kt-adv-heading1187_290fa3-01[data-kb-block=\"kb-adv-heading1187_290fa3-01\"]{font-style:normal;}.wp-block-kadence-advancedheading.kt-adv-heading1187_290fa3-01 mark.kt-highlight, .wp-block-kadence-advancedheading.kt-adv-heading1187_290fa3-01[data-kb-block=\"kb-adv-heading1187_290fa3-01\"] mark.kt-highlight{font-style:normal;color:#f76a0c;-webkit-box-decoration-break:clone;box-decoration-break:clone;padding-top:0px;padding-right:0px;padding-bottom:0px;padding-left:0px;}.wp-block-kadence-advancedheading.kt-adv-heading1187_290fa3-01 img.kb-inline-image, .wp-block-kadence-advancedheading.kt-adv-heading1187_290fa3-01[data-kb-block=\"kb-adv-heading1187_290fa3-01\"] img.kb-inline-image{width:150px;vertical-align:baseline;}<\/style>\n<p class=\"kt-adv-heading1187_290fa3-01 wp-block-kadence-advancedheading\" data-kb-block=\"kb-adv-heading1187_290fa3-01\"><\/p>\n","protected":false},"excerpt":{"rendered":"<p>Apr\u00e8s quelques p\u00e9rip\u00e9ties au mois de d\u00e9cembre et janvier, l&rsquo;\u00e9picerie s&rsquo;est refait une jeunesse dans un nouveau local!<\/p>\n","protected":false},"author":1,"featured_media":0,"comment_status":"closed","ping_status":"closed","sticky":false,"template":"","format":"standard","meta":{"_kad_post_transparent":"","_kad_post_title":"","_kad_post_layout":"","_kad_post_sidebar_id":"","_kad_post_content_style":"","_kad_post_vertical_padding":"","_kad_post_feature":"","_kad_post_feature_position":"","_kad_post_header":false,"_kad_post_footer":false,"_kad_post_classname":"","footnotes":""},"categories":[7],"tags":[],"class_list":["post-1187","post","type-post","status-publish","format-standard","hentry","category-vie-de-lassociation"],"_links":{"self":[{"href":"https:\/\/solidailes.fr\/index.php\/wp-json\/wp\/v2\/posts\/1187","targetHints":{"allow":["GET"]}}],"collection":[{"href":"https:\/\/solidailes.fr\/index.php\/wp-json\/wp\/v2\/posts"}],"about":[{"href":"https:\/\/solidailes.fr\/index.php\/wp-json\/wp\/v2\/types\/post"}],"author":[{"embeddable":true,"href":"https:\/\/solidailes.fr\/index.php\/wp-json\/wp\/v2\/users\/1"}],"replies":[{"embeddable":true,"href":"https:\/\/solidailes.fr\/index.php\/wp-json\/wp\/v2\/comments?post=1187"}],"version-history":[{"count":1,"href":"https:\/\/solidailes.fr\/index.php\/wp-json\/wp\/v2\/posts\/1187\/revisions"}],"predecessor-version":[{"id":1188,"href":"https:\/\/solidailes.fr\/index.php\/wp-json\/wp\/v2\/posts\/1187\/revisions\/1188"}],"wp:attachment":[{"href":"https:\/\/solidailes.fr\/index.php\/wp-json\/wp\/v2\/media?parent=1187"}],"wp:term":[{"taxonomy":"category","embeddable":true,"href":"https:\/\/solidailes.fr\/index.php\/wp-json\/wp\/v2\/categories?post=1187"},{"taxonomy":"post_tag","embeddable":true,"href":"https:\/\/solidailes.fr\/index.php\/wp-json\/wp\/v2\/tags?post=1187"}],"curies":[{"name":"wp","href":"https:\/\/api.w.org\/{rel}","templated":true}]}}