{"id":1158,"date":"2025-12-03T23:17:10","date_gmt":"2025-12-03T22:17:10","guid":{"rendered":"https:\/\/solidailes.fr\/?p=1158"},"modified":"2025-12-03T23:19:50","modified_gmt":"2025-12-03T22:19:50","slug":"une-nouvelle-adresse-pour-une-nouvelle-aventure","status":"publish","type":"post","link":"https:\/\/solidailes.fr\/index.php\/2025\/12\/03\/une-nouvelle-adresse-pour-une-nouvelle-aventure\/","title":{"rendered":"Une nouvelle adresse pour une nouvelle aventure"},"content":{"rendered":"<style>.wp-block-kadence-advancedheading.kt-adv-heading1158_aae0bf-05, .wp-block-kadence-advancedheading.kt-adv-heading1158_aae0bf-05[data-kb-block=\"kb-adv-heading1158_aae0bf-05\"]{font-style:normal;}.wp-block-kadence-advancedheading.kt-adv-heading1158_aae0bf-05 mark.kt-highlight, .wp-block-kadence-advancedheading.kt-adv-heading1158_aae0bf-05[data-kb-block=\"kb-adv-heading1158_aae0bf-05\"] mark.kt-highlight{font-style:normal;color:#f76a0c;-webkit-box-decoration-break:clone;box-decoration-break:clone;padding-top:0px;padding-right:0px;padding-bottom:0px;padding-left:0px;}.wp-block-kadence-advancedheading.kt-adv-heading1158_aae0bf-05 img.kb-inline-image, .wp-block-kadence-advancedheading.kt-adv-heading1158_aae0bf-05[data-kb-block=\"kb-adv-heading1158_aae0bf-05\"] img.kb-inline-image{width:150px;vertical-align:baseline;}<\/style>\n<p class=\"kt-adv-heading1158_aae0bf-05 wp-block-kadence-advancedheading\" data-kb-block=\"kb-adv-heading1158_aae0bf-05\">L&rsquo;\u00e9picerie a enfin trouv\u00e9 ou se poser pour quelques mois. Ce sera au 10 route de Colmar, au rez-de-chauss\u00e9e, avec un local plus grand (2x15m2) et de quoi accueillir encore plus de membres !<\/p>\n\n\n<style>.wp-block-kadence-advancedgallery .kb-gallery-type-masonry.kb-gallery-id-1158_ea8720-cd{margin:-5px;}.kb-gallery-type-masonry.kb-gallery-id-1158_ea8720-cd .kadence-blocks-gallery-item{padding:5px;}.kb-gallery-id-1158_ea8720-cd .kadence-blocks-gallery-item .kb-gal-image-radius, .kb-gallery-id-1158_ea8720-cd .kb-slide-item .kb-gal-image-radius img{border-radius:0px 0px 0px 0px;;}<\/style><div class=\"kb-gallery-wrap-id-1158_ea8720-cd alignnone wp-block-kadence-advancedgallery\"><ul class=\"kb-gallery-ul kb-gallery-non-static kb-gallery-type-masonry kb-masonry-init kb-gallery-id-1158_ea8720-cd kb-gallery-caption-style-bottom-hover kb-gallery-filter-none\" data-image-filter=\"none\" data-item-selector=\".kadence-blocks-gallery-item\" data-lightbox-caption=\"true\" data-columns-xxl=\"3\" data-columns-xl=\"3\" data-columns-md=\"3\" data-columns-sm=\"2\" data-columns-xs=\"1\" data-columns-ss=\"1\"><li class=\"kadence-blocks-gallery-item\" tabindex=\"0\"><div class=\"kadence-blocks-gallery-item-inner\"><figure class=\"kb-gallery-figure kadence-blocks-gallery-item-hide-caption\"><div class=\"kb-gal-image-radius\" style=\"max-width:1024px;\"><div class=\"kb-gallery-image-contain kadence-blocks-gallery-intrinsic\" style=\"padding-bottom:75%;\"><img loading=\"lazy\" decoding=\"async\" src=\"https:\/\/solidailes.fr\/wp-content\/uploads\/2025\/12\/photo_2025-12-03_09-49-37-1024x768.jpg\" width=\"1024\" height=\"768\" alt=\"\" data-full-image=\"https:\/\/solidailes.fr\/wp-content\/uploads\/2025\/12\/photo_2025-12-03_09-49-37.jpg\" data-light-image=\"https:\/\/solidailes.fr\/wp-content\/uploads\/2025\/12\/photo_2025-12-03_09-49-37.jpg\" data-id=\"1160\" class=\"wp-image-1160\" srcset=\"https:\/\/solidailes.fr\/wp-content\/uploads\/2025\/12\/photo_2025-12-03_09-49-37-1024x768.jpg 1024w, https:\/\/solidailes.fr\/wp-content\/uploads\/2025\/12\/photo_2025-12-03_09-49-37-300x225.jpg 300w, https:\/\/solidailes.fr\/wp-content\/uploads\/2025\/12\/photo_2025-12-03_09-49-37-768x576.jpg 768w, https:\/\/solidailes.fr\/wp-content\/uploads\/2025\/12\/photo_2025-12-03_09-49-37.jpg 1280w\" sizes=\"auto, (max-width: 1024px) 100vw, 1024px\" \/><\/div><\/div><\/figure><\/div><\/li><li class=\"kadence-blocks-gallery-item\" tabindex=\"0\"><div class=\"kadence-blocks-gallery-item-inner\"><figure class=\"kb-gallery-figure kadence-blocks-gallery-item-hide-caption\"><div class=\"kb-gal-image-radius\" style=\"max-width:1024px;\"><div class=\"kb-gallery-image-contain kadence-blocks-gallery-intrinsic\" style=\"padding-bottom:75%;\"><img loading=\"lazy\" decoding=\"async\" src=\"https:\/\/solidailes.fr\/wp-content\/uploads\/2025\/12\/photo_2025-12-03_09-49-51-1024x768.jpg\" width=\"1024\" height=\"768\" alt=\"\" data-full-image=\"https:\/\/solidailes.fr\/wp-content\/uploads\/2025\/12\/photo_2025-12-03_09-49-51.jpg\" data-light-image=\"https:\/\/solidailes.fr\/wp-content\/uploads\/2025\/12\/photo_2025-12-03_09-49-51.jpg\" data-id=\"1161\" class=\"wp-image-1161\" srcset=\"https:\/\/solidailes.fr\/wp-content\/uploads\/2025\/12\/photo_2025-12-03_09-49-51-1024x768.jpg 1024w, https:\/\/solidailes.fr\/wp-content\/uploads\/2025\/12\/photo_2025-12-03_09-49-51-300x225.jpg 300w, https:\/\/solidailes.fr\/wp-content\/uploads\/2025\/12\/photo_2025-12-03_09-49-51-768x576.jpg 768w, https:\/\/solidailes.fr\/wp-content\/uploads\/2025\/12\/photo_2025-12-03_09-49-51.jpg 1280w\" sizes=\"auto, (max-width: 1024px) 100vw, 1024px\" \/><\/div><\/div><\/figure><\/div><\/li><li class=\"kadence-blocks-gallery-item\" tabindex=\"0\"><div class=\"kadence-blocks-gallery-item-inner\"><figure class=\"kb-gallery-figure kadence-blocks-gallery-item-hide-caption\"><div class=\"kb-gal-image-radius\" style=\"max-width:1024px;\"><div class=\"kb-gallery-image-contain kadence-blocks-gallery-intrinsic\" style=\"padding-bottom:75%;\"><img loading=\"lazy\" decoding=\"async\" src=\"https:\/\/solidailes.fr\/wp-content\/uploads\/2025\/12\/photo_2025-12-03_09-51-12-1024x771.jpg\" width=\"1024\" height=\"771\" alt=\"\" data-full-image=\"https:\/\/solidailes.fr\/wp-content\/uploads\/2025\/12\/photo_2025-12-03_09-51-12.jpg\" data-light-image=\"https:\/\/solidailes.fr\/wp-content\/uploads\/2025\/12\/photo_2025-12-03_09-51-12.jpg\" data-id=\"1162\" class=\"wp-image-1162\" srcset=\"https:\/\/solidailes.fr\/wp-content\/uploads\/2025\/12\/photo_2025-12-03_09-51-12-1024x771.jpg 1024w, https:\/\/solidailes.fr\/wp-content\/uploads\/2025\/12\/photo_2025-12-03_09-51-12-300x226.jpg 300w, https:\/\/solidailes.fr\/wp-content\/uploads\/2025\/12\/photo_2025-12-03_09-51-12-768x578.jpg 768w, https:\/\/solidailes.fr\/wp-content\/uploads\/2025\/12\/photo_2025-12-03_09-51-12.jpg 1280w\" sizes=\"auto, (max-width: 1024px) 100vw, 1024px\" \/><\/div><\/div><\/figure><\/div><\/li><li class=\"kadence-blocks-gallery-item\" tabindex=\"0\"><div class=\"kadence-blocks-gallery-item-inner\"><figure class=\"kb-gallery-figure kadence-blocks-gallery-item-hide-caption\"><div class=\"kb-gal-image-radius\" style=\"max-width:1024px;\"><div class=\"kb-gallery-image-contain kadence-blocks-gallery-intrinsic\" style=\"padding-bottom:56%;\"><img loading=\"lazy\" decoding=\"async\" src=\"https:\/\/solidailes.fr\/wp-content\/uploads\/2025\/12\/photo_2025-12-03_09-52-48-1024x576.jpg\" width=\"1024\" height=\"576\" alt=\"\" data-full-image=\"https:\/\/solidailes.fr\/wp-content\/uploads\/2025\/12\/photo_2025-12-03_09-52-48.jpg\" data-light-image=\"https:\/\/solidailes.fr\/wp-content\/uploads\/2025\/12\/photo_2025-12-03_09-52-48.jpg\" data-id=\"1163\" class=\"wp-image-1163\" srcset=\"https:\/\/solidailes.fr\/wp-content\/uploads\/2025\/12\/photo_2025-12-03_09-52-48-1024x576.jpg 1024w, https:\/\/solidailes.fr\/wp-content\/uploads\/2025\/12\/photo_2025-12-03_09-52-48-300x169.jpg 300w, https:\/\/solidailes.fr\/wp-content\/uploads\/2025\/12\/photo_2025-12-03_09-52-48-768x432.jpg 768w, https:\/\/solidailes.fr\/wp-content\/uploads\/2025\/12\/photo_2025-12-03_09-52-48.jpg 1280w\" sizes=\"auto, (max-width: 1024px) 100vw, 1024px\" \/><\/div><\/div><\/figure><\/div><\/li><li class=\"kadence-blocks-gallery-item\" tabindex=\"0\"><div class=\"kadence-blocks-gallery-item-inner\"><figure class=\"kb-gallery-figure kadence-blocks-gallery-item-hide-caption\"><div class=\"kb-gal-image-radius\" style=\"max-width:1024px;\"><div class=\"kb-gallery-image-contain kadence-blocks-gallery-intrinsic\" style=\"padding-bottom:56%;\"><img loading=\"lazy\" decoding=\"async\" src=\"https:\/\/solidailes.fr\/wp-content\/uploads\/2025\/12\/photo_2025-12-03_09-52-58-1024x576.jpg\" width=\"1024\" height=\"576\" alt=\"\" data-full-image=\"https:\/\/solidailes.fr\/wp-content\/uploads\/2025\/12\/photo_2025-12-03_09-52-58.jpg\" data-light-image=\"https:\/\/solidailes.fr\/wp-content\/uploads\/2025\/12\/photo_2025-12-03_09-52-58.jpg\" data-id=\"1164\" class=\"wp-image-1164\" srcset=\"https:\/\/solidailes.fr\/wp-content\/uploads\/2025\/12\/photo_2025-12-03_09-52-58-1024x576.jpg 1024w, https:\/\/solidailes.fr\/wp-content\/uploads\/2025\/12\/photo_2025-12-03_09-52-58-300x169.jpg 300w, https:\/\/solidailes.fr\/wp-content\/uploads\/2025\/12\/photo_2025-12-03_09-52-58-768x432.jpg 768w, https:\/\/solidailes.fr\/wp-content\/uploads\/2025\/12\/photo_2025-12-03_09-52-58.jpg 1280w\" sizes=\"auto, (max-width: 1024px) 100vw, 1024px\" \/><\/div><\/div><\/figure><\/div><\/li><li class=\"kadence-blocks-gallery-item\" tabindex=\"0\"><div class=\"kadence-blocks-gallery-item-inner\"><figure class=\"kb-gallery-figure kadence-blocks-gallery-item-hide-caption\"><div class=\"kb-gal-image-radius\" style=\"max-width:1024px;\"><div class=\"kb-gallery-image-contain kadence-blocks-gallery-intrinsic\" style=\"padding-bottom:75%;\"><img loading=\"lazy\" decoding=\"async\" src=\"https:\/\/solidailes.fr\/wp-content\/uploads\/2025\/12\/photo_2025-12-03_09-56-08-1024x768.jpg\" width=\"1024\" height=\"768\" alt=\"\" data-full-image=\"https:\/\/solidailes.fr\/wp-content\/uploads\/2025\/12\/photo_2025-12-03_09-56-08.jpg\" data-light-image=\"https:\/\/solidailes.fr\/wp-content\/uploads\/2025\/12\/photo_2025-12-03_09-56-08.jpg\" data-id=\"1165\" class=\"wp-image-1165\" srcset=\"https:\/\/solidailes.fr\/wp-content\/uploads\/2025\/12\/photo_2025-12-03_09-56-08-1024x768.jpg 1024w, https:\/\/solidailes.fr\/wp-content\/uploads\/2025\/12\/photo_2025-12-03_09-56-08-300x225.jpg 300w, https:\/\/solidailes.fr\/wp-content\/uploads\/2025\/12\/photo_2025-12-03_09-56-08-768x576.jpg 768w, https:\/\/solidailes.fr\/wp-content\/uploads\/2025\/12\/photo_2025-12-03_09-56-08.jpg 1280w\" sizes=\"auto, (max-width: 1024px) 100vw, 1024px\" \/><\/div><\/div><\/figure><\/div><\/li><li class=\"kadence-blocks-gallery-item\" tabindex=\"0\"><div class=\"kadence-blocks-gallery-item-inner\"><figure class=\"kb-gallery-figure kadence-blocks-gallery-item-hide-caption\"><div class=\"kb-gal-image-radius\" style=\"max-width:1024px;\"><div class=\"kb-gallery-image-contain kadence-blocks-gallery-intrinsic\" style=\"padding-bottom:75%;\"><img loading=\"lazy\" decoding=\"async\" src=\"https:\/\/solidailes.fr\/wp-content\/uploads\/2025\/12\/photo_2025-12-03_09-57-27-1024x768.jpg\" width=\"1024\" height=\"768\" alt=\"\" data-full-image=\"https:\/\/solidailes.fr\/wp-content\/uploads\/2025\/12\/photo_2025-12-03_09-57-27.jpg\" data-light-image=\"https:\/\/solidailes.fr\/wp-content\/uploads\/2025\/12\/photo_2025-12-03_09-57-27.jpg\" data-id=\"1166\" class=\"wp-image-1166\" srcset=\"https:\/\/solidailes.fr\/wp-content\/uploads\/2025\/12\/photo_2025-12-03_09-57-27-1024x768.jpg 1024w, https:\/\/solidailes.fr\/wp-content\/uploads\/2025\/12\/photo_2025-12-03_09-57-27-300x225.jpg 300w, https:\/\/solidailes.fr\/wp-content\/uploads\/2025\/12\/photo_2025-12-03_09-57-27-768x576.jpg 768w, https:\/\/solidailes.fr\/wp-content\/uploads\/2025\/12\/photo_2025-12-03_09-57-27.jpg 1280w\" sizes=\"auto, (max-width: 1024px) 100vw, 1024px\" \/><\/div><\/div><\/figure><\/div><\/li><li class=\"kadence-blocks-gallery-item\" tabindex=\"0\"><div class=\"kadence-blocks-gallery-item-inner\"><figure class=\"kb-gallery-figure kadence-blocks-gallery-item-hide-caption\"><div class=\"kb-gal-image-radius\" style=\"max-width:1024px;\"><div class=\"kb-gallery-image-contain kadence-blocks-gallery-intrinsic\" style=\"padding-bottom:45%;\"><img loading=\"lazy\" decoding=\"async\" src=\"https:\/\/solidailes.fr\/wp-content\/uploads\/2025\/12\/photo_2025-12-03_09-57-42-1024x461.jpg\" width=\"1024\" height=\"461\" alt=\"\" data-full-image=\"https:\/\/solidailes.fr\/wp-content\/uploads\/2025\/12\/photo_2025-12-03_09-57-42.jpg\" data-light-image=\"https:\/\/solidailes.fr\/wp-content\/uploads\/2025\/12\/photo_2025-12-03_09-57-42.jpg\" data-id=\"1167\" class=\"wp-image-1167\" srcset=\"https:\/\/solidailes.fr\/wp-content\/uploads\/2025\/12\/photo_2025-12-03_09-57-42-1024x461.jpg 1024w, https:\/\/solidailes.fr\/wp-content\/uploads\/2025\/12\/photo_2025-12-03_09-57-42-300x135.jpg 300w, https:\/\/solidailes.fr\/wp-content\/uploads\/2025\/12\/photo_2025-12-03_09-57-42-768x346.jpg 768w, https:\/\/solidailes.fr\/wp-content\/uploads\/2025\/12\/photo_2025-12-03_09-57-42.jpg 1280w\" sizes=\"auto, (max-width: 1024px) 100vw, 1024px\" \/><\/div><\/div><\/figure><\/div><\/li><li class=\"kadence-blocks-gallery-item\" tabindex=\"0\"><div class=\"kadence-blocks-gallery-item-inner\"><figure class=\"kb-gallery-figure kadence-blocks-gallery-item-hide-caption\"><div class=\"kb-gal-image-radius\" style=\"max-width:1024px;\"><div class=\"kb-gallery-image-contain kadence-blocks-gallery-intrinsic\" style=\"padding-bottom:45%;\"><img loading=\"lazy\" decoding=\"async\" src=\"https:\/\/solidailes.fr\/wp-content\/uploads\/2025\/12\/photo_2025-12-03_09-59-01-1024x461.jpg\" width=\"1024\" height=\"461\" alt=\"\" data-full-image=\"https:\/\/solidailes.fr\/wp-content\/uploads\/2025\/12\/photo_2025-12-03_09-59-01.jpg\" data-light-image=\"https:\/\/solidailes.fr\/wp-content\/uploads\/2025\/12\/photo_2025-12-03_09-59-01.jpg\" data-id=\"1168\" class=\"wp-image-1168\" srcset=\"https:\/\/solidailes.fr\/wp-content\/uploads\/2025\/12\/photo_2025-12-03_09-59-01-1024x461.jpg 1024w, https:\/\/solidailes.fr\/wp-content\/uploads\/2025\/12\/photo_2025-12-03_09-59-01-300x135.jpg 300w, https:\/\/solidailes.fr\/wp-content\/uploads\/2025\/12\/photo_2025-12-03_09-59-01-768x346.jpg 768w, https:\/\/solidailes.fr\/wp-content\/uploads\/2025\/12\/photo_2025-12-03_09-59-01.jpg 1280w\" sizes=\"auto, (max-width: 1024px) 100vw, 1024px\" \/><\/div><\/div><\/figure><\/div><\/li><\/ul><\/div>","protected":false},"excerpt":{"rendered":"<p>L&rsquo;\u00e9picerie a enfin trouv\u00e9 ou se poser pour quelques mois. Ce sera au 10 route de Colmar, au rez-de-chauss\u00e9e, avec un local plus grand (2x15m2) et de quoi accueillir encore plus de membres !<\/p>\n","protected":false},"author":1,"featured_media":0,"comment_status":"closed","ping_status":"closed","sticky":false,"template":"","format":"standard","meta":{"_kad_post_transparent":"","_kad_post_title":"","_kad_post_layout":"","_kad_post_sidebar_id":"","_kad_post_content_style":"","_kad_post_vertical_padding":"","_kad_post_feature":"","_kad_post_feature_position":"","_kad_post_header":false,"_kad_post_footer":false,"_kad_post_classname":"","footnotes":""},"categories":[7],"tags":[],"class_list":["post-1158","post","type-post","status-publish","format-standard","hentry","category-vie-de-lassociation"],"_links":{"self":[{"href":"https:\/\/solidailes.fr\/index.php\/wp-json\/wp\/v2\/posts\/1158","targetHints":{"allow":["GET"]}}],"collection":[{"href":"https:\/\/solidailes.fr\/index.php\/wp-json\/wp\/v2\/posts"}],"about":[{"href":"https:\/\/solidailes.fr\/index.php\/wp-json\/wp\/v2\/types\/post"}],"author":[{"embeddable":true,"href":"https:\/\/solidailes.fr\/index.php\/wp-json\/wp\/v2\/users\/1"}],"replies":[{"embeddable":true,"href":"https:\/\/solidailes.fr\/index.php\/wp-json\/wp\/v2\/comments?post=1158"}],"version-history":[{"count":2,"href":"https:\/\/solidailes.fr\/index.php\/wp-json\/wp\/v2\/posts\/1158\/revisions"}],"predecessor-version":[{"id":1170,"href":"https:\/\/solidailes.fr\/index.php\/wp-json\/wp\/v2\/posts\/1158\/revisions\/1170"}],"wp:attachment":[{"href":"https:\/\/solidailes.fr\/index.php\/wp-json\/wp\/v2\/media?parent=1158"}],"wp:term":[{"taxonomy":"category","embeddable":true,"href":"https:\/\/solidailes.fr\/index.php\/wp-json\/wp\/v2\/categories?post=1158"},{"taxonomy":"post_tag","embeddable":true,"href":"https:\/\/solidailes.fr\/index.php\/wp-json\/wp\/v2\/tags?post=1158"}],"curies":[{"name":"wp","href":"https:\/\/api.w.org\/{rel}","templated":true}]}}